{"id":6705,"date":"2024-12-04T08:54:29","date_gmt":"2024-12-04T07:54:29","guid":{"rendered":"https:\/\/www.profilmedecin.fr\/contenu\/?p=6705"},"modified":"2026-04-23T15:38:18","modified_gmt":"2026-04-23T14:38:18","slug":"changement-climatique-et-sante-les-medecins-en-premiere-ligne","status":"publish","type":"post","link":"https:\/\/www.profilmedecin.fr\/contenu\/changement-climatique-et-sante-les-medecins-en-premiere-ligne\/","title":{"rendered":"Changement climatique et sant\u00e9 : les m\u00e9decins en premi\u00e8re ligne"},"content":{"rendered":"<p>L\u2019impact du changement climatique sur la sant\u00e9 redessine profond\u00e9ment notre pratique m\u00e9dicale. Au quotidien, nous observons une multiplication des pathologies li\u00e9es aux bouleversements environnementaux : maladies respiratoires aggrav\u00e9es par la pollution, complications cardiovasculaires dues aux vagues de chaleur, \u00e9mergence de nouvelles maladies infectieuses\u2026 Mais face \u00e0 ces d\u00e9fis in\u00e9dits, notre profession dispose d\u2019atouts uniques pour contribuer positivement, \u00e0 travers notre expertise et notre relation privil\u00e9gi\u00e9e avec les patients.<\/p>\n<h2>D\u00e9r\u00e8glement climatique : fantasme \u00e9cologique ou r\u00e9el enjeu de sant\u00e9 publique ?<\/h2>\n<p>Le d\u00e9r\u00e8glement climatique n\u2019est plus une hypoth\u00e8se, mais une <strong>r\u00e9alit\u00e9 scientifique aux cons\u00e9quences sanitaires d\u00e9j\u00e0 mesurables.<\/strong> L\u2019acc\u00e9l\u00e9ration sans pr\u00e9c\u00e9dent du r\u00e9chauffement, aliment\u00e9e par l\u2019utilisation massive des \u00e9nergies fossiles, menace d\u2019exc\u00e9der les +1,5 \u00b0C, avec des projections alarmantes d\u00e9passant +3 \u00b0C d\u2019ici 2100.<\/p>\n<p>Cette situation se manifeste par des <strong>bouleversements environnementaux majeurs<\/strong> : mont\u00e9e des eaux, concentration record de CO2 atmosph\u00e9rique, multiplication des catastrophes naturelles et d\u00e9stabilisation des \u00e9cosyst\u00e8mes.<\/p>\n<p>Les implications sanitaires sont consid\u00e9rables, touchant particuli\u00e8rement les 3,6 milliards d\u2019individus vivant dans des zones sensibles. Les projections anticipent<strong> 250 000 d\u00e9c\u00e8s suppl\u00e9mentaires annuels entre 2030 et 2050<\/strong>, avec un impact \u00e9conomique estim\u00e9 jusqu\u2019\u00e0 4 milliards USD par an pour les syst\u00e8mes de sant\u00e9. Cette crise <strong>affecte d\u00e9j\u00e0 les populations les plus vuln\u00e9rables<\/strong>, poussant des millions de personnes dans la pr\u00e9carit\u00e9 face aux d\u00e9penses de sant\u00e9 croissantes.<\/p>\n<p>Les professionnels de sant\u00e9, en premi\u00e8re ligne, appellent \u00e0 <strong>int\u00e9grer l\u2019urgence sanitaire au c\u0153ur du d\u00e9bat climatique<\/strong>, soulignant la dimension humaine de cet enjeu de sant\u00e9 publique.<\/p>\n<h2>Impacts du changement climatique sur la sant\u00e9<\/h2>\n<h3>Effets directs des changements climatiques sur la sant\u00e9<\/h3>\n<p>Les effets du changement climatique sur la sant\u00e9 humaine sont aujourd\u2019hui ind\u00e9niables et pr\u00e9occupants. Les vagues de chaleur extr\u00eame provoquent une cascade de complications m\u00e9dicales : multiplication des <strong>infarctus et AVC<\/strong>, d\u00e9faillances cardiaques, <strong>atteintes r\u00e9nales<\/strong> et troubles psychiques.<\/p>\n<p>\u00c0 ces d\u00e9fis s\u2019ajoutent les cons\u00e9quences dramatiques des catastrophes naturelles, qui affectent chaque ann\u00e9e 150 millions de personnes \u00e0 travers le monde, entra\u00eenant non seulement des <strong>blessures physiques<\/strong>, mais aussi des <strong>ruptures dans l\u2019acc\u00e8s aux soins<\/strong> essentiels.<\/p>\n<p>La pollution atmosph\u00e9rique s\u2019av\u00e8re particuli\u00e8rement meurtri\u00e8re. Elle est responsable de 20 % des <strong>d\u00e9c\u00e8s cardiovasculaires<\/strong> dans le monde et cause <strong>43 000 d\u00e9c\u00e8s pr\u00e9matur\u00e9s par an en France<\/strong>, principalement par atteintes respiratoires que l\u2019OMS estime li\u00e9es \u00e0 90 % \u00e0 des facteurs environnementaux.<\/p>\n<p>Plus insidieusement, l\u2019exposition aux particules fines et aux perturbateurs endocriniens contribue au d\u00e9veloppement de nombreux <strong>cancers<\/strong>, notamment pulmonaires et v\u00e9sicaux, avec des \u00e9tudes r\u00e9centes \u00e9tablissant m\u00eame un lien entre proximit\u00e9 du trafic routier et leuc\u00e9mies infantiles.<\/p>\n<p>\u00c0 ces atteintes physiques s\u2019ajoutent des <strong>s\u00e9quelles psychologiques durables<\/strong> caus\u00e9es par les \u00e9v\u00e9nements climatiques extr\u00eames.<\/p>\n<h3>Changement climatique et risques sanitaires infectieux<\/h3>\n<p>Le changement climatique bouleverse la dynamique des maladies infectieuses en redessinant leurs zones de propagation. L\u2019augmentation des temp\u00e9ratures et la modification des r\u00e9gimes de pr\u00e9cipitations favorisent l\u2019expansion des territoires propices aux moustiques vecteurs d\u2019<strong>arboviroses<\/strong> comme la dengue, le chikungunya et le Zika.<\/p>\n<p>Cette perturbation des \u00e9cosyst\u00e8mes facilite \u00e9galement la transmission des <strong>zoonoses<\/strong>, ces maladies transmises de l\u2019animal \u00e0 l\u2019homme, tout en permettant la r\u00e9surgence de pathologies qu\u2019on croyait ma\u00eetris\u00e9es.<\/p>\n<p>Les <strong>zones end\u00e9miques s\u2019\u00e9tendent<\/strong> progressivement vers des latitudes jusqu\u2019alors \u00e9pargn\u00e9es, exposant de nouvelles populations \u00e0 des risques sanitaires in\u00e9dits. Face \u00e0 ces menaces \u00e9mergentes, la surveillance \u00e9pid\u00e9miologique et l\u2019adaptation des syst\u00e8mes de sant\u00e9 deviennent indispensables.<\/p>\n<p><em>Lire aussi : \u00ab\u00a0<strong><a href=\"https:\/\/www.profilmedecin.fr\/contenu\/lancement-dune-etude-sur-limpact-de-la-crise-covid-sur-la-sante-des-francais\/\" target=\"_blank\" rel=\"noopener\">Lancement d&rsquo;une \u00e9tude sur l&rsquo;impact de la crise Covid sur la sant\u00e9 des Fran\u00e7ais<\/a><\/strong>\u00ab\u00a0<\/em><\/p>\n<h3>Cons\u00e9quences de la pollution sur les allergies<\/h3>\n<p>L\u2019impact de la pollution sur les allergies a pris une ampleur inqui\u00e9tante ces derni\u00e8res d\u00e9cennies, les <strong>allergies au pollen ayant tripl\u00e9 en seulement vingt ans<\/strong>. Le changement climatique allonge les p\u00e9riodes de pollinisation et favorise la production de pollen, tandis que les polluants atmosph\u00e9riques exacerbent leur potentiel allergisant.<\/p>\n<p>La pollution de l\u2019air <strong>fragilise les voies respiratoires<\/strong>, rendant les individus plus sensibles aux allerg\u00e8nes. Ces effets sont particuli\u00e8rement marqu\u00e9s chez les populations vuln\u00e9rables, notamment La pollution de l\u2019air fragilise les voies respiratoires, rendant les individus plus sensibles aux allerg\u00e8nes. Ces effets sont particuli\u00e8rement marqu\u00e9s chez les populations vuln\u00e9rables, notamment les enfants, les personnes \u00e2g\u00e9es et les patients souffrant d\u00e9j\u00e0 de pathologies respiratoires chroniques, cr\u00e9ant un cercle vicieux d\u2019hypersensibilisation et d\u2019inflammation des voies a\u00e9riennes.<\/p>\n<h2>Populations vuln\u00e9rables aux cons\u00e9quences sanitaires du changement climatique<\/h2>\n<p>Face au changement climatique, certaines populations s\u2019av\u00e8rent particuli\u00e8rement vuln\u00e9rables aux cons\u00e9quences sanitaires. Les <strong>enfants<\/strong>, dont le d\u00e9veloppement est encore fragile, sont particuli\u00e8rement sensibles aux polluants atmosph\u00e9riques et aux chaleurs extr\u00eames. Les <strong>personnes \u00e2g\u00e9es<\/strong> pr\u00e9sentent un risque exacerb\u00e9 de complications cardiovasculaires et de d\u00e9shydratation lors des vagues de chaleur. Cette situation critique touche \u00e9galement les <strong>personnes atteintes de maladies chroniques<\/strong>, dont l\u2019\u00e9tat de sant\u00e9 se d\u00e9grade invariablement face \u00e0 ces bouleversements environnementaux.<\/p>\n<p>Cette vuln\u00e9rabilit\u00e9 est exacerb\u00e9e par les in\u00e9galit\u00e9s sociales : les <strong>populations d\u00e9favoris\u00e9es<\/strong>, vivant souvent dans des logements mal adapt\u00e9s avec un acc\u00e8s restreint aux soins, sont en premi\u00e8re ligne. Plus dramatique encore, les<strong> pays en d\u00e9veloppement<\/strong>, bien que faiblement responsables des \u00e9missions de gaz \u00e0 effet de serre, subissent une mortalit\u00e9 quinze fois sup\u00e9rieure lors des catastrophes climatiques.<\/p>\n<h2>M\u00e9decins : acteurs cl\u00e9s de l&rsquo;adaptation au changement climatique<\/h2>\n<p>Les m\u00e9decins occupent une position strat\u00e9gique dans la lutte contre le changement climatique. En tant qu\u2019acteurs de sant\u00e9 publique engag\u00e9s par la D\u00e9claration de Gen\u00e8ve, ils ont un <strong>devoir moral d\u2019agir<\/strong> pour ce qui pourrait repr\u00e9senter la plus grande avanc\u00e9e sanitaire du 21e si\u00e8cle.<\/p>\n<p>Dot\u00e9s d\u2019outils pratiques comme le <strong>guide My Green Doctor<\/strong> et de <strong>formations sp\u00e9cialis\u00e9es<\/strong>, les m\u00e9decins disposent aujourd\u2019hui des ressources n\u00e9cessaires pour int\u00e9grer les enjeux climatiques dans leur pratique quotidienne. Par des propres comportements \u00e9coresponsables, ils ont la possibilit\u00e9 d\u2019<strong>incarner leur engagement<\/strong> pour la sant\u00e9 environnementale.<\/p>\n<p>Gr\u00e2ce \u00e0 leur relation privil\u00e9gi\u00e9e avec les patients, les m\u00e9decins peuvent non seulement <strong>diagnostiquer et traiter les pathologies li\u00e9es au climat<\/strong>, mais aussi <strong>promouvoir des changements comportementaux concrets<\/strong> : privil\u00e9gier les mobilit\u00e9s douces, adopter une alimentation plus durable avec moins de viande, r\u00e9duire le gaspillage alimentaire, minimiser l\u2019exposition aux perturbateurs endocriniens, etc.<\/p>\n<p>En <strong>documentant les impacts sanitaires<\/strong> du changement climatique et en <strong>mobilisant les organisations professionnelles<\/strong>, ils peuvent contribuer \u00e0 influencer les politiques locales et nationales, transformant ainsi leur expertise m\u00e9dicale en levier d\u2019action pour la pr\u00e9servation de notre environnement et de notre sant\u00e9 collective.<\/p>\n<p><em>Lire aussi : <strong><a href=\"https:\/\/www.profilmedecin.fr\/contenu\/etre-medecin-aujourdhui\/\" target=\"_blank\" rel=\"noopener\">\u00ab\u00a0\u00catre m\u00e9decin aujourd&rsquo;hui\u00a0\u00bb<\/a><\/strong><\/em><\/p>\n<h2>Pratiques m\u00e9dicales : responsabilit\u00e9s et enjeux climatiques<\/h2>\n<p>En tant que professionnels de sant\u00e9, les m\u00e9decins font face \u00e0 un <strong>paradoxe troublant<\/strong> : le secteur de la sant\u00e9, vou\u00e9 \u00e0 pr\u00e9server la vie et la sant\u00e9, g\u00e9n\u00e8re une empreinte environnementale consid\u00e9rable qui menace ces m\u00eames objectifs.<\/p>\n<p>Cette empreinte, responsable de <strong>4,4 % des \u00e9missions mondiales de carbone<\/strong> et \u00e9quivalente aux \u00e9missions annuelles de 514 centrales \u00e0 charbon, positionnerait le secteur de la sant\u00e9 au rang de cinqui\u00e8me plus gros \u00e9metteur mondial s\u2019il \u00e9tait un pays. La <strong>consommation \u00e9nerg\u00e9tique<\/strong> constitue plus de la moiti\u00e9 de ces \u00e9missions, une donn\u00e9e qui nous aide \u00e0 identifier les leviers d\u2019action possibles.<\/p>\n<p>Des initiatives encourageantes \u00e9mergent d\u00e9j\u00e0 pour concilier qualit\u00e9 des soins et responsabilit\u00e9 environnementale. De nombreux \u00e9tablissements explorent des <strong>pistes prometteuses<\/strong> : l\u2019optimisation \u00e9nerg\u00e9tique, la r\u00e9duction progressive des produits jetables, la recherche d\u2019alternatives aux suremballages.<\/p>\n<p>Cette \u00e9volution collective ouvre la voie vers des <strong>pratiques plus durables<\/strong>. En avan\u00e7ant ensemble, selon nos moyens, nous contribuons naturellement \u00e0 la transition \u00e9cologique du secteur de la sant\u00e9, tout en pr\u00e9servant notre mission premi\u00e8re : garantir des soins de qualit\u00e9, accessibles \u00e0 tous.<\/p>\n<p><em>Lire aussi : <a href=\"https:\/\/www.profilmedecin.fr\/contenu\/les-solutions-qui-revolutionneront-bientot-votre-metier\/\" target=\"_blank\" rel=\"noopener\"><strong>\u00ab\u00a0Les solutions qui r\u00e9volutionneront bient\u00f4t votre m\u00e9tier\u00a0\u00bb<\/strong><\/a><\/em><\/p>\n<h2>Rendre notre syst\u00e8me de sant\u00e9 r\u00e9silient face au climat<\/h2>\n<p>Face \u00e0 l\u2019urgence climatique, notre syst\u00e8me de sant\u00e9 doit se r\u00e9inventer pour gagner en r\u00e9silience. Cette transformation n\u00e9cessite d\u2019abord une <strong>surveillance \u00e9pid\u00e9miologique<\/strong> renforc\u00e9e, coupl\u00e9e \u00e0 des <strong>syst\u00e8mes de pr\u00e9vention<\/strong> plus performants et des <strong>services d\u2019urgence adapt\u00e9s<\/strong> aux nouvelles menaces sanitaires. L\u2019\u00e9volution des pratiques passe par un d\u00e9veloppement de l\u2019<strong>enseignement en sant\u00e9 environnementale<\/strong> et un soutien appuy\u00e9 \u00e0 la <strong>recherche biom\u00e9dicale<\/strong>.<\/p>\n<p>Paradoxalement, alors que la sant\u00e9 est directement menac\u00e9e par le changement climatique, les projets sanitaires ne re\u00e7oivent <strong>que 0,5 % des financements climatiques internationaux<\/strong>. Il est donc vital d\u2019int\u00e9grer pleinement les enjeux de sant\u00e9 dans les politiques climatiques, tout en transformant nos syst\u00e8mes de soins pour r\u00e9duire leur empreinte carbone.<\/p>\n<p>Cette transition s\u2019inscrit dans une d\u00e9marche plus large de d\u00e9carbonation de l\u2019\u00e9conomie et n\u00e9cessite le d\u00e9veloppement de mesures d\u2019adaptation innovantes. L\u2019objectif ultime est de construire des <strong>soci\u00e9t\u00e9s \u00e0 la fois plus saines et plus durables<\/strong>, o\u00f9 la r\u00e9silience du syst\u00e8me de sant\u00e9 devient un pilier de notre adaptation au changement climatique.<\/p>\n<p>&#8211; &#8211; &#8211;<\/p>\n<p>Les changements climatiques repr\u00e9sentent une menace majeure pour la sant\u00e9 publique, pla\u00e7ant les m\u00e9decins au c\u0153ur des enjeux. Face \u00e0 l\u2019augmentation des maladies li\u00e9es au climat, leur r\u00f4le est d\u00e9sormais double : soigner les patients tout en sensibilisant la population. Cette \u00e9volution de la pratique m\u00e9dicale souligne l\u2019urgence d\u2019int\u00e9grer les questions environnementales dans la formation et l\u2019exercice de la m\u00e9decine.<\/p>\n<h3>Sources :<\/h3>\n<ul>\n<li><a href=\"https:\/\/apps.who.int\/gb\/ebwha\/pdf_files\/EB154\/B154_25-fr.pdf\" target=\"_blank\" rel=\"noopener\">Changements climatiques et sant\u00e9 &#8211; OMS<\/a><\/li>\n<li><a href=\"https:\/\/www.conseil-national.medecin.fr\/publications\/communiques-presse\/medecins-face-changement-climatique-energies-fossiles\" target=\"_blank\" rel=\"noopener\">Les m\u00e9decins face au changement climatique et aux \u00e9nergies fossiles &#8211; Ordre des m\u00e9decins\u00a0<\/a><\/li>\n<li><a href=\"https:\/\/www.who.int\/fr\/news-room\/fact-sheets\/detail\/climate-change-and-health\" target=\"_blank\" rel=\"noopener\">Principaux rep\u00e8res sur le changement climatique et la sant\u00e9 &#8211; OMS<\/a><\/li>\n<li><a href=\"https:\/\/www.wma.net\/fr\/news-post\/pourquoi-les-medecins-doivent-rejoindre-la-lutte-contre-le-changement-climatique\/\" target=\"_blank\" rel=\"noopener\">Pourquoi les m\u00e9decins doivent rejoindre la lutte contre le changement climatique &#8211; WMA<\/a><\/li>\n<li><a href=\"https:\/\/www.academie-medecine.fr\/wp-content\/uploads\/2021\/01\/RAPPORT-Climat-et-sante%CC%81-2020-12-02-apr%C3%A8s-vote-version-d%C3%A9finitive-sign%C3%A9.pdf\" target=\"_blank\" rel=\"noopener\">Cons\u00e9quences du changement climatique sur la sant\u00e9 humaine et animale &#8211; Acad\u00e9mie Nationale de M\u00e9decine<\/a><\/li>\n<li><a href=\"https:\/\/healthcareclimateaction.org\/sites\/default\/files\/2021-11\/French_HealthCaresClimateFootprint_091619_web.pdf\" target=\"_blank\" rel=\"noopener\">L&#8217;empreinte climatique du secteur de la sant\u00e9 &#8211; Health Care Without Harm<\/a><\/li>\n<li><a href=\"https:\/\/www.fun-mooc.fr\/fr\/cours\/changements-climatiques-et-sante-prevenir-soigner-et-sadapter\/\" target=\"_blank\" rel=\"noopener\">Changements climatiques et sant\u00e9 : pr\u00e9venir, soigner et s&rsquo;adapter &#8211; FUN MOOC<\/a><\/li>\n<li><a href=\"https:\/\/www.hug.ch\/sites\/interhug\/files\/atelier_mpr\/medecine-et-climat_v_01.06.pdf\" target=\"_blank\" rel=\"noopener\">Impact du d\u00e9r\u00e8glement climatique sur la sant\u00e9 : pass\u00e9, pr\u00e9sent et futur &#8211; HUG<\/a><\/li>\n<li><a href=\"https:\/\/www.conseil-national.medecin.fr\/sites\/default\/files\/external_packages\/qno2sf\/index.html#accueil\" target=\"_blank\" rel=\"noopener\">Environnement : les risques pour la sant\u00e9 &#8211; Ordre des m\u00e9decins\u00a0<\/a><\/li>\n<\/ul>\n","protected":false},"excerpt":{"rendered":"L\u2019impact du changement climatique sur la sant\u00e9 redessine profond\u00e9ment notre pratique m\u00e9dicale. Au quotidien, nous observons une multiplication des pathologies li\u00e9es aux bouleversements environnementaux : maladies respiratoires aggrav\u00e9es par la pollution, complications cardiovasculaires dues aux vagues de chaleur, \u00e9mergence de nouvelles maladies infectieuses\u2026 Mais face \u00e0 ces d\u00e9fis in\u00e9dits, notre profession dispose d\u2019atouts uniques pour&#8230; <a class=\"view-article\" href=\"https:\/\/www.profilmedecin.fr\/contenu\/changement-climatique-et-sante-les-medecins-en-premiere-ligne\/\">Voir l&rsquo;article<\/a>","protected":false},"author":1,"featured_media":6711,"comment_status":"closed","ping_status":"closed","sticky":false,"template":"","format":"standard","meta":{"footnotes":""},"categories":[15],"tags":[],"class_list":["post-6705","post","type-post","status-publish","format-standard","has-post-thumbnail","hentry","category-actualite"],"yoast_head":"<!-- This site is optimized with the Yoast SEO plugin v27.3 - https:\/\/yoast.com\/product\/yoast-seo-wordpress\/ -->\n<title>Changement climatique et sant\u00e9 : les m\u00e9decins en premi\u00e8re ligne | Profil M\u00e9decin<\/title>\n<meta name=\"description\" content=\"L\u2019impact du changement climatique sur la sant\u00e9 redessine profond\u00e9ment notre pratique m\u00e9dicale. Au quotidien, nous observons une multiplication des Le lien entre changement climatique et sant\u00e9 sont de plus en plus concrets. Cette r\u00e9alit\u00e9 pousse les m\u00e9decins \u00e0 adapter leur pratique.\" \/>\n<meta name=\"robots\" content=\"index, follow, max-snippet:-1, max-image-preview:large, max-video-preview:-1\" \/>\n<link rel=\"canonical\" href=\"https:\/\/www.profilmedecin.fr\/contenu\/changement-climatique-et-sante-les-medecins-en-premiere-ligne\/\" \/>\n<meta property=\"og:locale\" content=\"fr_FR\" \/>\n<meta property=\"og:type\" content=\"article\" \/>\n<meta property=\"og:title\" content=\"Changement climatique et sant\u00e9 : les m\u00e9decins en premi\u00e8re ligne | Profil M\u00e9decin\" \/>\n<meta property=\"og:description\" content=\"L\u2019impact du changement climatique sur la sant\u00e9 redessine profond\u00e9ment notre pratique m\u00e9dicale. Au quotidien, nous observons une multiplication des Le lien entre changement climatique et sant\u00e9 sont de plus en plus concrets. Cette r\u00e9alit\u00e9 pousse les m\u00e9decins \u00e0 adapter leur pratique.\" \/>\n<meta property=\"og:url\" content=\"https:\/\/www.profilmedecin.fr\/contenu\/changement-climatique-et-sante-les-medecins-en-premiere-ligne\/\" \/>\n<meta property=\"og:site_name\" content=\"Profil M\u00e9decin\" \/>\n<meta property=\"article:published_time\" content=\"2024-12-04T07:54:29+00:00\" \/>\n<meta property=\"article:modified_time\" content=\"2026-04-23T14:38:18+00:00\" \/>\n<meta property=\"og:image\" content=\"https:\/\/content.profilmedecin.fr\/wp-content\/uploads\/2024\/12\/ETUDES-DE-MEDECINE-2.png\" \/>\n\t<meta property=\"og:image:width\" content=\"940\" \/>\n\t<meta property=\"og:image:height\" content=\"788\" \/>\n\t<meta property=\"og:image:type\" content=\"image\/png\" \/>\n<meta name=\"author\" content=\"admin_pm\" \/>\n<meta name=\"twitter:label1\" content=\"\u00c9crit par\" \/>\n\t<meta name=\"twitter:data1\" content=\"admin_pm\" \/>\n\t<meta name=\"twitter:label2\" content=\"Dur\u00e9e de lecture estim\u00e9e\" \/>\n\t<meta name=\"twitter:data2\" content=\"9 minutes\" \/>\n<script type=\"application\/ld+json\" class=\"yoast-schema-graph\">{\"@context\":\"https:\\\/\\\/schema.org\",\"@graph\":[{\"@type\":\"Article\",\"@id\":\"https:\\\/\\\/www.profilmedecin.fr\\\/contenu\\\/changement-climatique-et-sante-les-medecins-en-premiere-ligne\\\/#article\",\"isPartOf\":{\"@id\":\"https:\\\/\\\/www.profilmedecin.fr\\\/contenu\\\/changement-climatique-et-sante-les-medecins-en-premiere-ligne\\\/\"},\"author\":{\"name\":\"admin_pm\",\"@id\":\"https:\\\/\\\/www.profilmedecin.fr\\\/contenu\\\/#\\\/schema\\\/person\\\/5881b8d3286f0a0c66bc562a78a8ef03\"},\"headline\":\"Changement climatique et sant\u00e9 : les m\u00e9decins en premi\u00e8re ligne\",\"datePublished\":\"2024-12-04T07:54:29+00:00\",\"dateModified\":\"2026-04-23T14:38:18+00:00\",\"mainEntityOfPage\":{\"@id\":\"https:\\\/\\\/www.profilmedecin.fr\\\/contenu\\\/changement-climatique-et-sante-les-medecins-en-premiere-ligne\\\/\"},\"wordCount\":1782,\"publisher\":{\"@id\":\"https:\\\/\\\/www.profilmedecin.fr\\\/contenu\\\/#organization\"},\"image\":{\"@id\":\"https:\\\/\\\/www.profilmedecin.fr\\\/contenu\\\/changement-climatique-et-sante-les-medecins-en-premiere-ligne\\\/#primaryimage\"},\"thumbnailUrl\":\"https:\\\/\\\/content.profilmedecin.fr\\\/wp-content\\\/uploads\\\/2025\\\/01\\\/WP-Image-a-la-une-3.png\",\"articleSection\":[\"Actualit\u00e9s\"],\"inLanguage\":\"fr-FR\"},{\"@type\":\"WebPage\",\"@id\":\"https:\\\/\\\/www.profilmedecin.fr\\\/contenu\\\/changement-climatique-et-sante-les-medecins-en-premiere-ligne\\\/\",\"url\":\"https:\\\/\\\/www.profilmedecin.fr\\\/contenu\\\/changement-climatique-et-sante-les-medecins-en-premiere-ligne\\\/\",\"name\":\"Changement climatique et sant\u00e9 : les m\u00e9decins en premi\u00e8re ligne | Profil M\u00e9decin\",\"isPartOf\":{\"@id\":\"https:\\\/\\\/www.profilmedecin.fr\\\/contenu\\\/#website\"},\"primaryImageOfPage\":{\"@id\":\"https:\\\/\\\/www.profilmedecin.fr\\\/contenu\\\/changement-climatique-et-sante-les-medecins-en-premiere-ligne\\\/#primaryimage\"},\"image\":{\"@id\":\"https:\\\/\\\/www.profilmedecin.fr\\\/contenu\\\/changement-climatique-et-sante-les-medecins-en-premiere-ligne\\\/#primaryimage\"},\"thumbnailUrl\":\"https:\\\/\\\/content.profilmedecin.fr\\\/wp-content\\\/uploads\\\/2025\\\/01\\\/WP-Image-a-la-une-3.png\",\"datePublished\":\"2024-12-04T07:54:29+00:00\",\"dateModified\":\"2026-04-23T14:38:18+00:00\",\"description\":\"L\u2019impact du changement climatique sur la sant\u00e9 redessine profond\u00e9ment notre pratique m\u00e9dicale. Au quotidien, nous observons une multiplication des Le lien entre changement climatique et sant\u00e9 sont de plus en plus concrets. Cette r\u00e9alit\u00e9 pousse les m\u00e9decins \u00e0 adapter leur pratique.\",\"breadcrumb\":{\"@id\":\"https:\\\/\\\/www.profilmedecin.fr\\\/contenu\\\/changement-climatique-et-sante-les-medecins-en-premiere-ligne\\\/#breadcrumb\"},\"inLanguage\":\"fr-FR\",\"potentialAction\":[{\"@type\":\"ReadAction\",\"target\":[\"https:\\\/\\\/www.profilmedecin.fr\\\/contenu\\\/changement-climatique-et-sante-les-medecins-en-premiere-ligne\\\/\"]}]},{\"@type\":\"ImageObject\",\"inLanguage\":\"fr-FR\",\"@id\":\"https:\\\/\\\/www.profilmedecin.fr\\\/contenu\\\/changement-climatique-et-sante-les-medecins-en-premiere-ligne\\\/#primaryimage\",\"url\":\"https:\\\/\\\/content.profilmedecin.fr\\\/wp-content\\\/uploads\\\/2025\\\/01\\\/WP-Image-a-la-une-3.png\",\"contentUrl\":\"https:\\\/\\\/content.profilmedecin.fr\\\/wp-content\\\/uploads\\\/2025\\\/01\\\/WP-Image-a-la-une-3.png\",\"width\":7084,\"height\":2000,\"caption\":\"Changement climatique et sant\u00e9 : agir en tant que m\u00e9decin\"},{\"@type\":\"BreadcrumbList\",\"@id\":\"https:\\\/\\\/www.profilmedecin.fr\\\/contenu\\\/changement-climatique-et-sante-les-medecins-en-premiere-ligne\\\/#breadcrumb\",\"itemListElement\":[{\"@type\":\"ListItem\",\"position\":1,\"name\":\"Accueil\",\"item\":\"https:\\\/\\\/www.profilmedecin.fr\\\/contenu\\\/\"},{\"@type\":\"ListItem\",\"position\":2,\"name\":\"Changement climatique et sant\u00e9 : les m\u00e9decins en premi\u00e8re ligne\"}]},{\"@type\":\"WebSite\",\"@id\":\"https:\\\/\\\/www.profilmedecin.fr\\\/contenu\\\/#website\",\"url\":\"https:\\\/\\\/www.profilmedecin.fr\\\/contenu\\\/\",\"name\":\"Profil M\u00e9decin\",\"description\":\"S\u00e9lection d&#039;opportunit\u00e9s\",\"publisher\":{\"@id\":\"https:\\\/\\\/www.profilmedecin.fr\\\/contenu\\\/#organization\"},\"potentialAction\":[{\"@type\":\"SearchAction\",\"target\":{\"@type\":\"EntryPoint\",\"urlTemplate\":\"https:\\\/\\\/www.profilmedecin.fr\\\/contenu\\\/?s={search_term_string}\"},\"query-input\":{\"@type\":\"PropertyValueSpecification\",\"valueRequired\":true,\"valueName\":\"search_term_string\"}}],\"inLanguage\":\"fr-FR\"},{\"@type\":\"Organization\",\"@id\":\"https:\\\/\\\/www.profilmedecin.fr\\\/contenu\\\/#organization\",\"name\":\"Profil M\u00e9decin\",\"url\":\"https:\\\/\\\/www.profilmedecin.fr\\\/contenu\\\/\",\"logo\":{\"@type\":\"ImageObject\",\"inLanguage\":\"fr-FR\",\"@id\":\"https:\\\/\\\/www.profilmedecin.fr\\\/contenu\\\/#\\\/schema\\\/logo\\\/image\\\/\",\"url\":\"https:\\\/\\\/content.profilmedecin.fr\\\/wp-content\\\/uploads\\\/2019\\\/11\\\/logo-profil-medecin.png\",\"contentUrl\":\"https:\\\/\\\/content.profilmedecin.fr\\\/wp-content\\\/uploads\\\/2019\\\/11\\\/logo-profil-medecin.png\",\"width\":325,\"height\":95,\"caption\":\"Profil M\u00e9decin\"},\"image\":{\"@id\":\"https:\\\/\\\/www.profilmedecin.fr\\\/contenu\\\/#\\\/schema\\\/logo\\\/image\\\/\"}},{\"@type\":\"Person\",\"@id\":\"https:\\\/\\\/www.profilmedecin.fr\\\/contenu\\\/#\\\/schema\\\/person\\\/5881b8d3286f0a0c66bc562a78a8ef03\",\"name\":\"admin_pm\",\"image\":{\"@type\":\"ImageObject\",\"inLanguage\":\"fr-FR\",\"@id\":\"https:\\\/\\\/secure.gravatar.com\\\/avatar\\\/a8ec2dddc642dad64770ca106052024c5a9ad07b2f38988bda25f4df93f39bb8?s=96&d=mm&r=g\",\"url\":\"https:\\\/\\\/secure.gravatar.com\\\/avatar\\\/a8ec2dddc642dad64770ca106052024c5a9ad07b2f38988bda25f4df93f39bb8?s=96&d=mm&r=g\",\"contentUrl\":\"https:\\\/\\\/secure.gravatar.com\\\/avatar\\\/a8ec2dddc642dad64770ca106052024c5a9ad07b2f38988bda25f4df93f39bb8?s=96&d=mm&r=g\",\"caption\":\"admin_pm\"},\"url\":\"https:\\\/\\\/www.profilmedecin.fr\\\/contenu\\\/author\\\/admin\\\/\"}]}<\/script>\n<!-- \/ Yoast SEO plugin. -->","yoast_head_json":{"title":"Changement climatique et sant\u00e9 : les m\u00e9decins en premi\u00e8re ligne | Profil M\u00e9decin","description":"L\u2019impact du changement climatique sur la sant\u00e9 redessine profond\u00e9ment notre pratique m\u00e9dicale. Au quotidien, nous observons une multiplication des Le lien entre changement climatique et sant\u00e9 sont de plus en plus concrets. Cette r\u00e9alit\u00e9 pousse les m\u00e9decins \u00e0 adapter leur pratique.","robots":{"index":"index","follow":"follow","max-snippet":"max-snippet:-1","max-image-preview":"max-image-preview:large","max-video-preview":"max-video-preview:-1"},"canonical":"https:\/\/www.profilmedecin.fr\/contenu\/changement-climatique-et-sante-les-medecins-en-premiere-ligne\/","og_locale":"fr_FR","og_type":"article","og_title":"Changement climatique et sant\u00e9 : les m\u00e9decins en premi\u00e8re ligne | Profil M\u00e9decin","og_description":"L\u2019impact du changement climatique sur la sant\u00e9 redessine profond\u00e9ment notre pratique m\u00e9dicale. Au quotidien, nous observons une multiplication des Le lien entre changement climatique et sant\u00e9 sont de plus en plus concrets. Cette r\u00e9alit\u00e9 pousse les m\u00e9decins \u00e0 adapter leur pratique.","og_url":"https:\/\/www.profilmedecin.fr\/contenu\/changement-climatique-et-sante-les-medecins-en-premiere-ligne\/","og_site_name":"Profil M\u00e9decin","article_published_time":"2024-12-04T07:54:29+00:00","article_modified_time":"2026-04-23T14:38:18+00:00","og_image":[{"width":940,"height":788,"url":"https:\/\/content.profilmedecin.fr\/wp-content\/uploads\/2024\/12\/ETUDES-DE-MEDECINE-2.png","type":"image\/png"}],"author":"admin_pm","twitter_misc":{"\u00c9crit par":"admin_pm","Dur\u00e9e de lecture estim\u00e9e":"9 minutes"},"schema":{"@context":"https:\/\/schema.org","@graph":[{"@type":"Article","@id":"https:\/\/www.profilmedecin.fr\/contenu\/changement-climatique-et-sante-les-medecins-en-premiere-ligne\/#article","isPartOf":{"@id":"https:\/\/www.profilmedecin.fr\/contenu\/changement-climatique-et-sante-les-medecins-en-premiere-ligne\/"},"author":{"name":"admin_pm","@id":"https:\/\/www.profilmedecin.fr\/contenu\/#\/schema\/person\/5881b8d3286f0a0c66bc562a78a8ef03"},"headline":"Changement climatique et sant\u00e9 : les m\u00e9decins en premi\u00e8re ligne","datePublished":"2024-12-04T07:54:29+00:00","dateModified":"2026-04-23T14:38:18+00:00","mainEntityOfPage":{"@id":"https:\/\/www.profilmedecin.fr\/contenu\/changement-climatique-et-sante-les-medecins-en-premiere-ligne\/"},"wordCount":1782,"publisher":{"@id":"https:\/\/www.profilmedecin.fr\/contenu\/#organization"},"image":{"@id":"https:\/\/www.profilmedecin.fr\/contenu\/changement-climatique-et-sante-les-medecins-en-premiere-ligne\/#primaryimage"},"thumbnailUrl":"https:\/\/content.profilmedecin.fr\/wp-content\/uploads\/2025\/01\/WP-Image-a-la-une-3.png","articleSection":["Actualit\u00e9s"],"inLanguage":"fr-FR"},{"@type":"WebPage","@id":"https:\/\/www.profilmedecin.fr\/contenu\/changement-climatique-et-sante-les-medecins-en-premiere-ligne\/","url":"https:\/\/www.profilmedecin.fr\/contenu\/changement-climatique-et-sante-les-medecins-en-premiere-ligne\/","name":"Changement climatique et sant\u00e9 : les m\u00e9decins en premi\u00e8re ligne | Profil M\u00e9decin","isPartOf":{"@id":"https:\/\/www.profilmedecin.fr\/contenu\/#website"},"primaryImageOfPage":{"@id":"https:\/\/www.profilmedecin.fr\/contenu\/changement-climatique-et-sante-les-medecins-en-premiere-ligne\/#primaryimage"},"image":{"@id":"https:\/\/www.profilmedecin.fr\/contenu\/changement-climatique-et-sante-les-medecins-en-premiere-ligne\/#primaryimage"},"thumbnailUrl":"https:\/\/content.profilmedecin.fr\/wp-content\/uploads\/2025\/01\/WP-Image-a-la-une-3.png","datePublished":"2024-12-04T07:54:29+00:00","dateModified":"2026-04-23T14:38:18+00:00","description":"L\u2019impact du changement climatique sur la sant\u00e9 redessine profond\u00e9ment notre pratique m\u00e9dicale. Au quotidien, nous observons une multiplication des Le lien entre changement climatique et sant\u00e9 sont de plus en plus concrets. Cette r\u00e9alit\u00e9 pousse les m\u00e9decins \u00e0 adapter leur pratique.","breadcrumb":{"@id":"https:\/\/www.profilmedecin.fr\/contenu\/changement-climatique-et-sante-les-medecins-en-premiere-ligne\/#breadcrumb"},"inLanguage":"fr-FR","potentialAction":[{"@type":"ReadAction","target":["https:\/\/www.profilmedecin.fr\/contenu\/changement-climatique-et-sante-les-medecins-en-premiere-ligne\/"]}]},{"@type":"ImageObject","inLanguage":"fr-FR","@id":"https:\/\/www.profilmedecin.fr\/contenu\/changement-climatique-et-sante-les-medecins-en-premiere-ligne\/#primaryimage","url":"https:\/\/content.profilmedecin.fr\/wp-content\/uploads\/2025\/01\/WP-Image-a-la-une-3.png","contentUrl":"https:\/\/content.profilmedecin.fr\/wp-content\/uploads\/2025\/01\/WP-Image-a-la-une-3.png","width":7084,"height":2000,"caption":"Changement climatique et sant\u00e9 : agir en tant que m\u00e9decin"},{"@type":"BreadcrumbList","@id":"https:\/\/www.profilmedecin.fr\/contenu\/changement-climatique-et-sante-les-medecins-en-premiere-ligne\/#breadcrumb","itemListElement":[{"@type":"ListItem","position":1,"name":"Accueil","item":"https:\/\/www.profilmedecin.fr\/contenu\/"},{"@type":"ListItem","position":2,"name":"Changement climatique et sant\u00e9 : les m\u00e9decins en premi\u00e8re ligne"}]},{"@type":"WebSite","@id":"https:\/\/www.profilmedecin.fr\/contenu\/#website","url":"https:\/\/www.profilmedecin.fr\/contenu\/","name":"Profil M\u00e9decin","description":"S\u00e9lection d&#039;opportunit\u00e9s","publisher":{"@id":"https:\/\/www.profilmedecin.fr\/contenu\/#organization"},"potentialAction":[{"@type":"SearchAction","target":{"@type":"EntryPoint","urlTemplate":"https:\/\/www.profilmedecin.fr\/contenu\/?s={search_term_string}"},"query-input":{"@type":"PropertyValueSpecification","valueRequired":true,"valueName":"search_term_string"}}],"inLanguage":"fr-FR"},{"@type":"Organization","@id":"https:\/\/www.profilmedecin.fr\/contenu\/#organization","name":"Profil M\u00e9decin","url":"https:\/\/www.profilmedecin.fr\/contenu\/","logo":{"@type":"ImageObject","inLanguage":"fr-FR","@id":"https:\/\/www.profilmedecin.fr\/contenu\/#\/schema\/logo\/image\/","url":"https:\/\/content.profilmedecin.fr\/wp-content\/uploads\/2019\/11\/logo-profil-medecin.png","contentUrl":"https:\/\/content.profilmedecin.fr\/wp-content\/uploads\/2019\/11\/logo-profil-medecin.png","width":325,"height":95,"caption":"Profil M\u00e9decin"},"image":{"@id":"https:\/\/www.profilmedecin.fr\/contenu\/#\/schema\/logo\/image\/"}},{"@type":"Person","@id":"https:\/\/www.profilmedecin.fr\/contenu\/#\/schema\/person\/5881b8d3286f0a0c66bc562a78a8ef03","name":"admin_pm","image":{"@type":"ImageObject","inLanguage":"fr-FR","@id":"https:\/\/secure.gravatar.com\/avatar\/a8ec2dddc642dad64770ca106052024c5a9ad07b2f38988bda25f4df93f39bb8?s=96&d=mm&r=g","url":"https:\/\/secure.gravatar.com\/avatar\/a8ec2dddc642dad64770ca106052024c5a9ad07b2f38988bda25f4df93f39bb8?s=96&d=mm&r=g","contentUrl":"https:\/\/secure.gravatar.com\/avatar\/a8ec2dddc642dad64770ca106052024c5a9ad07b2f38988bda25f4df93f39bb8?s=96&d=mm&r=g","caption":"admin_pm"},"url":"https:\/\/www.profilmedecin.fr\/contenu\/author\/admin\/"}]}},"_links":{"self":[{"href":"https:\/\/www.profilmedecin.fr\/contenu\/wp-json\/wp\/v2\/posts\/6705","targetHints":{"allow":["GET"]}}],"collection":[{"href":"https:\/\/www.profilmedecin.fr\/contenu\/wp-json\/wp\/v2\/posts"}],"about":[{"href":"https:\/\/www.profilmedecin.fr\/contenu\/wp-json\/wp\/v2\/types\/post"}],"author":[{"embeddable":true,"href":"https:\/\/www.profilmedecin.fr\/contenu\/wp-json\/wp\/v2\/users\/1"}],"replies":[{"embeddable":true,"href":"https:\/\/www.profilmedecin.fr\/contenu\/wp-json\/wp\/v2\/comments?post=6705"}],"version-history":[{"count":6,"href":"https:\/\/www.profilmedecin.fr\/contenu\/wp-json\/wp\/v2\/posts\/6705\/revisions"}],"predecessor-version":[{"id":7120,"href":"https:\/\/www.profilmedecin.fr\/contenu\/wp-json\/wp\/v2\/posts\/6705\/revisions\/7120"}],"wp:featuredmedia":[{"embeddable":true,"href":"https:\/\/www.profilmedecin.fr\/contenu\/wp-json\/wp\/v2\/media\/6711"}],"wp:attachment":[{"href":"https:\/\/www.profilmedecin.fr\/contenu\/wp-json\/wp\/v2\/media?parent=6705"}],"wp:term":[{"taxonomy":"category","embeddable":true,"href":"https:\/\/www.profilmedecin.fr\/contenu\/wp-json\/wp\/v2\/categories?post=6705"},{"taxonomy":"post_tag","embeddable":true,"href":"https:\/\/www.profilmedecin.fr\/contenu\/wp-json\/wp\/v2\/tags?post=6705"}],"curies":[{"name":"wp","href":"https:\/\/api.w.org\/{rel}","templated":true}]}}