{"id":7023,"date":"2025-12-20T11:38:55","date_gmt":"2025-12-20T10:38:55","guid":{"rendered":"https:\/\/www.profilmedecin.fr\/contenu\/?p=7023"},"modified":"2026-01-14T16:26:14","modified_gmt":"2026-01-14T15:26:14","slug":"reglementation-sante-nouveautes-perspectives-et-impacts","status":"publish","type":"post","link":"https:\/\/www.profilmedecin.fr\/contenu\/reglementation-sante-nouveautes-perspectives-et-impacts\/","title":{"rendered":"R\u00e9glementation sant\u00e9 : nouveaut\u00e9s, perspectives et impacts"},"content":{"rendered":"<p>La r\u00e9glementation, en sant\u00e9, \u00e9volue constamment. L\u2019ann\u00e9e 2025 apporte son lot de changements pour les m\u00e9decins en France. Entre nouveaux d\u00e9crets, obligations administratives renforc\u00e9es et initiatives pour moderniser l\u2019exercice m\u00e9dical, les praticiens doivent s\u2019adapter \u00e0 un cadre l\u00e9gal en pleine mutation. Quelles questions soul\u00e8vent ces \u00e9volutions\u2009? Comment impacteront-elles la pratique quotidienne et la relation patient-m\u00e9decin\u2009? Tour d\u2019horizon des principales nouveaut\u00e9s r\u00e9glementaires de 2025 et des perspectives qui se dessinent pour 2026.<\/p>\n<h2>R\u00e9glementation sant\u00e9 : cadre l\u00e9gal 2025 pour les m\u00e9decins en exercice<\/h2>\n<h3>D\u00e9crets r\u00e9cents publi\u00e9s au Journal officiel<\/h3>\n<p>L\u2019ann\u00e9e 2025 est marqu\u00e9e par plusieurs d\u00e9crets importants, pour l\u2019exercice m\u00e9dical.<\/p>\n<p>Le <a href=\"https:\/\/www.legifrance.gouv.fr\/jorf\/id\/JORFTEXT000052222050\" target=\"_blank\" rel=\"noopener\"><strong>d\u00e9cret n\u00b0 2025-963<\/strong><\/a> du 9 septembre 2025, publi\u00e9 au Journal officiel, pr\u00e9cise les modalit\u00e9s d\u2019information obligatoire des Agences r\u00e9gionales de sant\u00e9 et des Ordres professionnels en cas de cessation d\u00e9finitive d\u2019activit\u00e9. Cette obligation d\u00e9clarative vise \u00e0 mieux anticiper les tensions territoriales et \u00e0 fiabiliser les donn\u00e9es de d\u00e9mographie m\u00e9dicale.<\/p>\n<p>Le <a href=\"https:\/\/www.legifrance.gouv.fr\/jorf\/id\/JORFTEXT000051669655\" target=\"_blank\" rel=\"noopener\"><strong>d\u00e9cret n\u00b0 2025-467<\/strong><\/a> du 28 mai 2025 concerne les <strong>proc\u00e9dures d\u2019autorisation d\u2019exercice<\/strong>, notamment pour les praticiens \u00e0 dipl\u00f4me hors Union europ\u00e9enne (PADHUE). Il cr\u00e9e notamment une voie interne au concours de v\u00e9rification des connaissances et assouplit les modalit\u00e9s de stage de consolidation des comp\u00e9tences, pour faciliter l\u2019int\u00e9gration de ces m\u00e9decins \u00e9trangers.<\/p>\n<p>Ces \u00e9volutions traduisent une volont\u00e9 de s\u00e9curiser les <strong>conditions d\u2019exercice<\/strong> tout en facilitant l\u2019<strong>acc\u00e8s \u00e0 la profession<\/strong> dans un contexte de p\u00e9nurie m\u00e9dicale, sous contr\u00f4le renforc\u00e9 des autorit\u00e9s sanitaires.<\/p>\n<p><em>LIRE AUSSI : <a href=\"https:\/\/www.profilmedecin.fr\/contenu\/medecin-etranger-les-etapes-de-la-procedure-dautorisation-dexercice-pae-en-france\/\" target=\"_blank\" rel=\"noopener\">M\u00e9decin \u00e9tranger : les \u00e9tapes de la proc\u00e9dure d\u2019autorisation d\u2019exercice (PAE) en France<\/a><\/em><\/p>\n<h3>Changements administratifs et obligations r\u00e9glementaires<\/h3>\n<p>Depuis le 1\u1d49\u02b3 janvier 2025, plusieurs obligations de sant\u00e9 publique ont \u00e9t\u00e9 actualis\u00e9es.<\/p>\n<p>La <strong>vaccination infantile<\/strong> \u00e9volue :<\/p>\n<ul>\n<li>la vaccination contre les m\u00e9ningocoques ACWY devient obligatoire pour les nourrissons (rempla\u00e7ant le m\u00e9ningocoque C)\u2009;<\/li>\n<li>le vaccin contre le m\u00e9ningocoque B, jusque-l\u00e0 recommand\u00e9, devient lui aussi obligatoire.<\/li>\n<\/ul>\n<p>Une nouvelle version du<strong> carnet de sant\u00e9<\/strong> de l\u2019enfant entre en vigueur, enrichie de pages de pr\u00e9vention et incluant un 20\u1d49 examen de sant\u00e9 obligatoire \u00e0 6 ans.<\/p>\n<p>Au 1\u1d49\u02b3 septembre 2025, le programme national de <strong>d\u00e9pistage n\u00e9onatal<\/strong> s\u2019\u00e9tend \u00e0 16 maladies, avec trois nouvelles pathologies d\u00e9pist\u00e9es d\u00e8s la naissance (d\u00e9ficits immunitaires combin\u00e9s, amyotrophie spinale, d\u00e9ficit VLCAD).<\/p>\n<p>Les <strong>r\u00e8gles du don du sang<\/strong> s\u2019assouplissent \u00e9galement. Par exemple, le d\u00e9lai d\u2019ajournement apr\u00e8s un tatouage ou piercing passe de 4 mois \u00e0 2 mois.<\/p>\n<p>Depuis le 1\u1d49\u02b3 septembre 2025, tout <strong>arr\u00eat de travail<\/strong> non d\u00e9mat\u00e9rialis\u00e9 doit \u00eatre \u00e9tabli sur un formulaire Cerfa papier s\u00e9curis\u00e9 fourni par l\u2019Assurance maladie, sous peine de rejet. Les praticiens doivent donc utiliser ce formulaire officiel (personnalis\u00e9 et infalsifiable) s\u2019ils d\u00e9livrent un arr\u00eat sur support papier, la t\u00e9l\u00e9transmission restant la norme privil\u00e9gi\u00e9e.<\/p>\n<h2>Normes et fonction des m\u00e9decins en 2025 : impacts op\u00e9rationnels<\/h2>\n<h3>Organisation des soins et permanence des soins<\/h3>\n<p>Un d\u00e9cret du 3 f\u00e9vrier 2025 r\u00e9vise les modalit\u00e9s de d\u00e9signation des <strong>structures assurant la permanence des soins<\/strong> en \u00e9tablissement de sant\u00e9. D\u00e9sormais, apr\u00e8s chaque mise \u00e0 jour du sch\u00e9ma r\u00e9gional de sant\u00e9, l\u2019ARS lance un appel \u00e0 candidatures pour attribuer les missions de garde aux \u00e9tablissements volontaires et capables de les assumer. Si une seule structure existe dans une zone donn\u00e9e pour une sp\u00e9cialit\u00e9, l\u2019ARS peut la d\u00e9signer directement afin de garantir la continuit\u00e9 des soins urgents.<\/p>\n<p>La participation des <strong>m\u00e9decins lib\u00e9raux \u00e0 la permanence des soins ambulatoires<\/strong> est encourag\u00e9e via la nouvelle convention m\u00e9dicale (majorations sp\u00e9cifiques pour les consultations r\u00e9alis\u00e9es en soir\u00e9e sur demande du Service d\u2019acc\u00e8s aux soins, etc.). Ces mesures renforcent l\u2019int\u00e9gration des professionnels de ville dans l\u2019organisation des soins non programm\u00e9s, pour d\u00e9sengorger les urgences et assurer une prise en charge de proximit\u00e9 en dehors des horaires ouvrables.<\/p>\n<h3>Donn\u00e9es de sant\u00e9 et obligations de conformit\u00e9 num\u00e9rique<\/h3>\n<p>L\u2019essor du num\u00e9rique s\u2019accompagne de nouvelles normes europ\u00e9ennes en mati\u00e8re de donn\u00e9es de sant\u00e9, au premier rang desquelles le futur <strong>Espace europ\u00e9en des donn\u00e9es de sant\u00e9 (European Health Data Space, EHDS)<\/strong>. Ce r\u00e8glement, pierre angulaire de l\u2019Union europ\u00e9enne de la sant\u00e9, vise \u00e0 cr\u00e9er un cadre unifi\u00e9 pour l\u2019usage et l\u2019\u00e9change des donn\u00e9es de sant\u00e9 \u00e0 travers l\u2019Europe.<\/p>\n<p>Simultan\u00e9ment, l\u2019EHDS organise la <strong>r\u00e9utilisation des donn\u00e9es<\/strong> \u00e0 des fins de recherche, de sant\u00e9 publique ou d\u2019\u00e9laboration des politiques, dans un cadre de confiance respectueux de la vie priv\u00e9e. Pour les professionnels, cela impliquera d\u2019utiliser ces logiciels interop\u00e9rables, certifi\u00e9s au niveau europ\u00e9en, d\u2019ici la fin de la d\u00e9cennie.<\/p>\n<p>La<strong> s\u00e9curit\u00e9<\/strong> est \u00e9galement au c\u0153ur du dispositif, avec des exigences de <strong>cybers\u00e9curit\u00e9<\/strong> et de <strong>confidentialit\u00e9<\/strong> par d\u00e9faut. Les m\u00e9decins devront donc veiller \u00e0 la mise \u00e0 jour de leurs outils num\u00e9riques (dossier patient informatis\u00e9, messageries s\u00e9curis\u00e9es) pour se connecter \u00e0 cet espace de donn\u00e9es commun.<\/p>\n<h2>Convention m\u00e9dicale 2024-2029 : une pierre angulaire de l\u2019exercice lib\u00e9ral<\/h2>\n<h3>Objectifs et axes de la convention m\u00e9dicale<\/h3>\n<p>Sign\u00e9e en d\u00e9cembre 2024, la nouvelle convention m\u00e9dicale 2024-2029 red\u00e9finit pour cinq ans le cadre d\u2019exercice et de r\u00e9mun\u00e9ration des m\u00e9decins lib\u00e9raux. Son ambition premi\u00e8re est de <strong>r\u00e9nover l\u2019attractivit\u00e9 de la m\u00e9decine de ville<\/strong> et d\u2019<strong>am\u00e9liorer l\u2019acc\u00e8s aux soins<\/strong> sur tout le territoire.<\/p>\n<p>Pour cela, un effort financier est consenti :<\/p>\n<ul>\n<li><strong>revalorisation de la consultation de base<\/strong> :<br \/>\n<b>\u2192 <\/b>pass\u00e9e de 26,50 \u20ac \u00e0 30 \u20ac pour les g\u00e9n\u00e9ralistes\u2009;<br \/>\n<b>\u2192 <\/b>avis ponctuel de consultant port\u00e9 \u00e0 60 \u20ac pour les sp\u00e9cialistes\u2009;<\/li>\n<li><strong>revalorisation cibl\u00e9e de certains actes<\/strong> (p\u00e9diatrie, psychiatrie, gyn\u00e9cologie\u2026).<\/li>\n<\/ul>\n<p>La convention affiche trois axes strat\u00e9giques :<\/p>\n<ol>\n<li><strong>renforcer l\u2019acc\u00e8s aux soins de proximit\u00e9<\/strong> en rendant l\u2019exercice lib\u00e9ral plus attractif (incitations \u00e0 l\u2019installation en zones sous-dot\u00e9es, valorisation de missions sp\u00e9cifiques comme la participation au Service d\u2019acc\u00e8s aux soins ou l\u2019encadrement des internes)\u2009;<\/li>\n<li><strong>am\u00e9liorer la qualit\u00e9 et la pr\u00e9vention<\/strong> gr\u00e2ce \u00e0 des dispositifs de r\u00e9mun\u00e9ration sur objectifs de sant\u00e9 publique modernis\u00e9s (vaccination, d\u00e9pistage, suivi des patients vuln\u00e9rables), tout en int\u00e9grant des principes de d\u00e9veloppement durable (lutte contre le gaspillage, pertinence des prescriptions)\u2009;<\/li>\n<li><strong>acc\u00e9l\u00e9rer la transition num\u00e9rique et la coordination<\/strong> en dotant les m\u00e9decins d\u2019outils adapt\u00e9s (logiciels agr\u00e9\u00e9s, t\u00e9l\u00e9m\u00e9decine) et en encourageant le travail en \u00e9quipe pluridisciplinaire.<\/li>\n<\/ol>\n<h3>\u00c9ch\u00e9ances pr\u00e9vues en 2025-2026<\/h3>\n<p>La mise en \u0153uvre de la convention 2024-2029 s\u2019\u00e9chelonne sur plusieurs ann\u00e9es. D\u00e8s 2025, en plus des revalorisations tarifaires, un g\u00e9n\u00e9raliste sollicit\u00e9 par le SAS peut b\u00e9n\u00e9ficier d\u2019une majoration suppl\u00e9mentaire de 5 \u20ac pour <strong>une consultation en soir\u00e9e hors patient\u00e8le<\/strong>.<\/p>\n<p>L\u2019ann\u00e9e 2026 marquera un tournant, avec la cr\u00e9ation du <strong>forfait m\u00e9decin traitant (FMT)<\/strong>, dispositif rempla\u00e7ant l\u2019actuelle ROSP. Ce FMT versera une r\u00e9mun\u00e9ration annuelle par patient bas\u00e9 sur le profil (\u00e2ge, ALD, pr\u00e9carit\u00e9) et sur le suivi des indicateurs de pr\u00e9vention, pouvant atteindre ~100 \u20ac par an pour un patient \u00e2g\u00e9 et en affection longue dur\u00e9e.<\/p>\n<p>Le forfait structure dispara\u00eetra, au profit d\u2019une<strong> dotation num\u00e9rique<\/strong> (\u00ab\u2009Donum\u2009\u00bb) recentr\u00e9e sur l\u2019\u00e9quipement et l\u2019usage des outils e-sant\u00e9 s\u00e9curis\u00e9s. Cette dotation num\u00e9rique offrira jusqu\u2019\u00e0 2\u2009940 \u20ac par an aux praticiens atteignant tous les objectifs (logiciel labellis\u00e9 compatible \u00ab\u2009S\u00e9gur\u2009\u00bb, utilisation de la messagerie s\u00e9curis\u00e9e de sant\u00e9, t\u00e9l\u00e9services, etc.).<\/p>\n<p>Autre avanc\u00e9e attendue au 1\u1d49\u02b3 janvier 2026 : la <strong>revalorisation de la t\u00e9l\u00e9expertise<\/strong> et l\u2019assouplissement de ses conditions. Le tarif de la t\u00e9l\u00e9expertise pour le m\u00e9decin requis passera par exemple de 20 \u20ac \u00e0 23 \u20ac, et surtout, la limite de 4 actes par an et par patient sera supprim\u00e9e, levant un frein \u00e0 l\u2019essor de ces avis \u00e0 distance entre confr\u00e8res.<\/p>\n<p>La convention introduit \u00e9galement des aides pour <strong>lutter contre la d\u00e9sertification m\u00e9dicale<\/strong> :<\/p>\n<ul>\n<li>simplification et majoration de l\u2019aide \u00e0 l\u2019emploi du second assistant m\u00e9dical\u2009;<\/li>\n<li>financement de consultations avanc\u00e9es dans les zones sous-denses\u2009;<\/li>\n<li>cr\u00e9dit d\u2019amor\u00e7age pour encourager la cr\u00e9ation d\u2019\u00e9quipes de soins sp\u00e9cialis\u00e9s associant plusieurs sp\u00e9cialistes sur un territoire.<\/li>\n<\/ul>\n<h2>\u00c9tudes m\u00e9dicales et formation : loi Neuder et perspectives pour 2026<\/h2>\n<h3>Loi visant \u00e0 am\u00e9liorer l\u2019acc\u00e8s aux soins par la territorialisation et la formation<\/h3>\n<p>Face aux d\u00e9serts m\u00e9dicaux, le l\u00e9gislateur a adopt\u00e9 la <strong>loi n\u00b0 2025-580 du 27 juin 2025<\/strong> (dite loi Neuder) pour adapter la formation des m\u00e9decins aux besoins du terrain. Ce texte ent\u00e9rine la <strong>fin du numerus clausus<\/strong> traditionnel en renfor\u00e7ant le principe du numerus apertus instaur\u00e9 en 2019.<\/p>\n<p>D\u00e9sormais, le nombre d\u2019\u00e9tudiants admis en 2\u1d49 ann\u00e9e de m\u00e9decine dans chaque universit\u00e9 doit \u00eatre d\u00e9fini prioritairement <strong>en fonction des besoins de sant\u00e9 du territoire<\/strong>, plut\u00f4t qu\u2019en fonction des seules capacit\u00e9s de formation universitaire. Si une r\u00e9gion manque de m\u00e9decins, les ARS et conseils territoriaux de sant\u00e9 pourront inciter les facult\u00e9s \u00e0 augmenter leurs capacit\u00e9s d\u2019accueil, y compris en cr\u00e9ant de nouvelles fili\u00e8res d\u00e9localis\u00e9es.<\/p>\n<p>Par ailleurs, le texte facilite le <strong>retour des \u00e9tudiants fran\u00e7ais<\/strong> partis se former \u00e0 l\u2019\u00e9tranger. Des passerelles sont cr\u00e9\u00e9es pour r\u00e9int\u00e9grer en 3\u1d49 ann\u00e9e les jeunes ayant valid\u00e9 des acquis dans une facult\u00e9 europ\u00e9enne (Roumanie, Belgique, etc.).<\/p>\n<p>De m\u00eame, de <strong>nouvelles passerelles<\/strong> permettront \u00e0 des professionnels de sant\u00e9 exp\u00e9riment\u00e9s (infirmiers, kin\u00e9sith\u00e9rapeutes, sages-femmes\u2026) d\u2019acc\u00e9der aux \u00e9tudes de m\u00e9decine via un cursus acc\u00e9l\u00e9r\u00e9.<\/p>\n<p><em>LIRE AUSSI : <a href=\"https:\/\/www.profilmedecin.fr\/contenu\/etudes-de-medecine-a-letranger-et-retour-en-france\/\" target=\"_blank\" rel=\"noopener\">\u00c9tudes de m\u00e9decine \u00e0 l\u2019\u00e9tranger et retour en France<\/a><\/em><\/p>\n<h3>Vers une suppression du numerus apertus\u2009?<\/h3>\n<p>Si la loi de juin 2025 repr\u00e9sente une avanc\u00e9e, le d\u00e9bat reste vif quant \u00e0 la <a href=\"https:\/\/www.vie-publique.fr\/loi\/292250-loi-neuder-numerus-apertus-etudes-de-medecine-27-juin-2025\" target=\"_blank\" rel=\"noopener\"><strong>suppression totale du numerus apertu<\/strong>s<\/a>. Pour le ministre Yannick Neuder, le dispositif actuel \u00e9quivaut \u00e0 un numerus clausus cach\u00e9, brid\u00e9 par les capacit\u00e9s limit\u00e9es des universit\u00e9s.<\/p>\n<p>Certains d\u00e9fendent une ouverture totale des quotas, \u00e0 condition d\u2019investir fortement dans les capacit\u00e9s de formation. D\u2019autres redoutent une surproduction de m\u00e9decins sans effet sur les zones sous-dot\u00e9es. En 2025, des propositions transpartisanes ont envisag\u00e9 d\u2019<strong>encadrer l\u2019installation<\/strong>, mesure toutefois controvers\u00e9e pour ses implications d\u00e9ontologiques et son impact potentiel sur l\u2019attractivit\u00e9 du m\u00e9tier.<\/p>\n<p>Les effets de la fin du numerus apertus seront perceptibles \u00e0 moyen terme, la formation d\u2019un sp\u00e9cialiste n\u00e9cessitant 10 \u00e0 12 ans. D\u2019ici l\u00e0, le syst\u00e8me s\u2019appuie sur la d\u00e9l\u00e9gation de t\u00e2ches, des incitations \u00e0 l\u2019installation et l\u2019\u00e9largissement des comp\u00e9tences param\u00e9dicales. La loi du 27 juin 2025 renforce ainsi l\u2019<strong>autonomie des infirmiers et des IPA<\/strong>.<\/p>\n<h2>Loi europ\u00e9enne sur l\u2019IA en sant\u00e9 et responsabilit\u00e9 professionnelle<\/h2>\n<p>Adopt\u00e9 en 2024, le <strong>r\u00e8glement (UE) 2024\/1689 dit \u00ab\u2009<a href=\"https:\/\/arxiv.org\/abs\/2505.07875\" target=\"_blank\" rel=\"noopener\">AI Act<\/a>\u2009\u00bb<\/strong> entrera en vigueur en 2026. Il classe les IA m\u00e9dicales comme \u00e0 haut risque. Les outils d\u2019aide au diagnostic ou \u00e0 la d\u00e9cision devront donc \u00eatre certifi\u00e9s CE, avec des garanties de fiabilit\u00e9, de qualit\u00e9 des donn\u00e9es d\u2019entra\u00eenement et de garde-fous contre les biais algorithmiques.<\/p>\n<p>L\u2019AI Act impose une <strong>supervision humaine<\/strong> des d\u00e9cisions assist\u00e9es, maintenant le m\u00e9decin comme responsable in fine de la d\u00e9cision clinique. En cas d\u2019erreur, sa responsabilit\u00e9 peut \u00eatre engag\u00e9e, s\u2019il manque de discernement. Une directive europ\u00e9enne est en discussion pour adapter le cadre de responsabilit\u00e9 civile et faciliter l\u2019indemnisation des patients en cas de dommages li\u00e9s \u00e0 l\u2019IA.<\/p>\n<p>La r\u00e9glementation fran\u00e7aise int\u00e8gre d\u00e9j\u00e0 le <strong>RGPD<\/strong>, le <strong>Data Act<\/strong> et la <strong>directive NIS2<\/strong> sur la s\u00e9curit\u00e9 des syst\u00e8mes d\u2019information. D\u00e8s 2026, un m\u00e9decin utilisant une IA devra en informer le patient, valider le diagnostic lui-m\u00eame et v\u00e9rifier que l\u2019outil est certifi\u00e9 et conforme aux normes europ\u00e9ennes en vigueur.<\/p>\n<p><em>LIRE AUSSI : <a href=\"https:\/\/www.profilmedecin.fr\/contenu\/ia-en-cardiologie-entre-promesses-et-limites-cliniques\/\" target=\"_blank\" rel=\"noopener\">IA en cardiologie : entre promesses et limites cliniques<\/a><\/em><\/p>\n<p>&#8211; &#8211; &#8211;<\/p>\n<p>Dans un contexte r\u00e9glementaire en constante \u00e9volution, rester inform\u00e9 est essentiel. La capacit\u00e9 des m\u00e9decins \u00e0 anticiper et int\u00e9grer ces changements sera d\u00e9terminante, pour s\u00e9curiser leurs pratiques et accompagner durablement l\u2019\u00e9volution du syst\u00e8me de sant\u00e9.<\/p>\n<p style=\"text-align: center;\"><a class=\"button\" href=\"https:\/\/www.profilmedecin.fr\/\" target=\"_blank\" rel=\"noopener noreferrer\">Voir les offres d&#8217;emploi disponibles<\/a><\/p>\n<p>&nbsp;<\/p>\n<h3>Sources :<\/h3>\n<ul>\n<li><a href=\"https:\/\/www.legifrance.gouv.fr\/jorf\/id\/JORFTEXT000052222050\" target=\"_blank\" rel=\"noopener\">D\u00e9cret n\u00b0 2025-963 du 9 septembre 2025 pris en application des articles L. 4113-15 et L. 6161-3 du code de la sant\u00e9 publique<\/a> &#8211; L\u00e9gifrance<\/li>\n<li><a href=\"https:\/\/www.legifrance.gouv.fr\/jorf\/id\/JORFTEXT000051669655\" target=\"_blank\" rel=\"noopener\">D\u00e9cret n\u00b0 2025-467 du 28 mai 2025 portant diverses dispositions relatives aux praticiens \u00e0 dipl\u00f4me hors Union europ\u00e9enne<\/a> &#8211; L\u00e9gifrance<\/li>\n<li><a href=\"https:\/\/sante.gouv.fr\/actualites-presse\/actualites-du-ministere\/article\/ce-qui-change-au-1er-janvier-2025-en-matiere-de-sante\" target=\"_blank\" rel=\"noopener\">Ce qui change au 1er janvier 2025 en mati\u00e8re de sant\u00e9<\/a> &#8211; Minist\u00e8re de la Sant\u00e9, de la Famille, de l\u2019Autonomie et des Personnes handicap\u00e9es<\/li>\n<li><a href=\"https:\/\/sante.gouv.fr\/actualites-presse\/actualites-du-ministere\/article\/tout-ce-qui-change-au-1er-septembre-2025\" target=\"_blank\" rel=\"noopener\">Tout ce qui change au 1er septembre 2025<\/a> &#8211; Minist\u00e8re de la Sant\u00e9, de la Famille, de l\u2019Autonomie et des Personnes handicap\u00e9es<\/li>\n<li><a href=\"https:\/\/www.legifrance.gouv.fr\/jorf\/id\/JORFTEXT000051132348\" target=\"_blank\" rel=\"noopener\">D\u00e9cret n\u00b0 2025-101 du 3 f\u00e9vrier 2025 relatif \u00e0 la permanence des soins en \u00e9tablissement de sant\u00e9<\/a> &#8211; L\u00e9gifrance<\/li>\n<li><a href=\"https:\/\/health.ec.europa.eu\/ehealth-digital-health-and-care\/european-health-data-space-regulation-ehds_fr\" target=\"_blank\" rel=\"noopener\">R\u00e8glement relatif \u00e0 l\u2019espace europ\u00e9en des donn\u00e9es de sant\u00e9<\/a> &#8211; Public Health<\/li>\n<li><a href=\"https:\/\/www.assurance-maladie.ameli.fr\/presse\/2024-12-17-cp-convention-medicale-ce-qui-change-en-2025\" target=\"_blank\" rel=\"noopener\">M\u00e9decins g\u00e9n\u00e9ralistes et sp\u00e9cialistes : ce qui change pour les assur\u00e9s en 2025<\/a> &#8211; Ameli<\/li>\n<li><a href=\"https:\/\/www.ameli.fr\/paris\/medecin\/textes-reference\/convention-medicale-2024-2029\/essentiel\" target=\"_blank\" rel=\"noopener\">Convention m\u00e9dicale 2024-2029 : l\u2019essentiel<\/a> &#8211; Ameli<\/li>\n<li><a href=\"https:\/\/www.ameli.fr\/paris\/medecin\/textes-reference\/convention-medicale-2024-2029\/grands-axes-convention-detail\/mesures-attractivite-exercice-liberal\/nouvelle-dotation-numerique\" target=\"_blank\" rel=\"noopener\">Une nouvelle dotation num\u00e9rique recentr\u00e9e sur les usages num\u00e9riques<\/a> &#8211; Ameli<\/li>\n<li><a href=\"https:\/\/www.vie-publique.fr\/loi\/292250-loi-neuder-numerus-apertus-etudes-de-medecine-27-juin-2025\" target=\"_blank\" rel=\"noopener\">Loi Neuder numerus apertus \u00e9tudes de m\u00e9decine 27 juin 2025<\/a> | Vie publique<\/li>\n<li>Brodersen, J. B., Caggiano, I. A., Kringen, P., Madai, V. I., Osika, W., Sartor, G., &#8230; &amp; Zicari, R. V. (2025). <a href=\"https:\/\/arxiv.org\/abs\/2505.07875\" target=\"_blank\" rel=\"noopener\"><em>Getting Ready for the EU AI Act in Healthcare. A Call for Sustainable AI Development and Deploymen<\/em><\/a>t. arXiv.<\/li>\n<\/ul>\n","protected":false},"excerpt":{"rendered":"La r\u00e9glementation, en sant\u00e9, \u00e9volue constamment. L\u2019ann\u00e9e 2025 apporte son lot de changements pour les m\u00e9decins en France. Entre nouveaux d\u00e9crets, obligations administratives renforc\u00e9es et initiatives pour moderniser l\u2019exercice m\u00e9dical, les praticiens doivent s\u2019adapter \u00e0 un cadre l\u00e9gal en pleine mutation. Quelles questions soul\u00e8vent ces \u00e9volutions\u2009? Comment impacteront-elles la pratique quotidienne et la relation patient-m\u00e9decin\u2009?&#8230; <a class=\"view-article\" href=\"https:\/\/www.profilmedecin.fr\/contenu\/reglementation-sante-nouveautes-perspectives-et-impacts\/\">Voir l&rsquo;article<\/a>","protected":false},"author":1,"featured_media":7025,"comment_status":"closed","ping_status":"closed","sticky":false,"template":"","format":"standard","meta":{"footnotes":""},"categories":[15],"tags":[],"class_list":["post-7023","post","type-post","status-publish","format-standard","has-post-thumbnail","hentry","category-actualite"],"yoast_head":"<!-- This site is optimized with the Yoast SEO plugin v27.3 - https:\/\/yoast.com\/product\/yoast-seo-wordpress\/ -->\n<title>R\u00e9glementation sant\u00e9 : nouveaut\u00e9s, perspectives et impacts<\/title>\n<meta name=\"description\" content=\"&quot;Analyse de la r\u00e9glementation sant\u00e9 2025-2026, ses d\u00e9crets, ses impacts pour les m\u00e9decins et les perspectives \u00e0 anticiper dans l\u2019exercice quotidien.\" \/>\n<meta name=\"robots\" content=\"index, follow, max-snippet:-1, max-image-preview:large, max-video-preview:-1\" \/>\n<link rel=\"canonical\" href=\"https:\/\/www.profilmedecin.fr\/contenu\/reglementation-sante-nouveautes-perspectives-et-impacts\/\" \/>\n<meta property=\"og:locale\" content=\"fr_FR\" \/>\n<meta property=\"og:type\" content=\"article\" \/>\n<meta property=\"og:title\" content=\"R\u00e9glementation sant\u00e9 : nouveaut\u00e9s, perspectives et impacts\" \/>\n<meta property=\"og:description\" content=\"&quot;Analyse de la r\u00e9glementation sant\u00e9 2025-2026, ses d\u00e9crets, ses impacts pour les m\u00e9decins et les perspectives \u00e0 anticiper dans l\u2019exercice quotidien.\" \/>\n<meta property=\"og:url\" content=\"https:\/\/www.profilmedecin.fr\/contenu\/reglementation-sante-nouveautes-perspectives-et-impacts\/\" \/>\n<meta property=\"og:site_name\" content=\"Profil M\u00e9decin\" \/>\n<meta property=\"article:published_time\" content=\"2025-12-20T10:38:55+00:00\" \/>\n<meta property=\"article:modified_time\" content=\"2026-01-14T15:26:14+00:00\" \/>\n<meta property=\"og:image\" content=\"https:\/\/content.profilmedecin.fr\/wp-content\/uploads\/2025\/12\/Homepage-350x150px-7.png\" \/>\n\t<meta property=\"og:image:width\" content=\"350\" \/>\n\t<meta property=\"og:image:height\" content=\"150\" \/>\n\t<meta property=\"og:image:type\" content=\"image\/png\" \/>\n<meta name=\"author\" content=\"admin_pm\" \/>\n<meta name=\"twitter:label1\" content=\"\u00c9crit par\" \/>\n\t<meta name=\"twitter:data1\" content=\"admin_pm\" \/>\n\t<meta name=\"twitter:label2\" content=\"Dur\u00e9e de lecture estim\u00e9e\" \/>\n\t<meta name=\"twitter:data2\" content=\"11 minutes\" \/>\n<script type=\"application\/ld+json\" class=\"yoast-schema-graph\">{\"@context\":\"https:\\\/\\\/schema.org\",\"@graph\":[{\"@type\":\"Article\",\"@id\":\"https:\\\/\\\/www.profilmedecin.fr\\\/contenu\\\/reglementation-sante-nouveautes-perspectives-et-impacts\\\/#article\",\"isPartOf\":{\"@id\":\"https:\\\/\\\/www.profilmedecin.fr\\\/contenu\\\/reglementation-sante-nouveautes-perspectives-et-impacts\\\/\"},\"author\":{\"name\":\"admin_pm\",\"@id\":\"https:\\\/\\\/www.profilmedecin.fr\\\/contenu\\\/#\\\/schema\\\/person\\\/5881b8d3286f0a0c66bc562a78a8ef03\"},\"headline\":\"R\u00e9glementation sant\u00e9 : nouveaut\u00e9s, perspectives et impacts\",\"datePublished\":\"2025-12-20T10:38:55+00:00\",\"dateModified\":\"2026-01-14T15:26:14+00:00\",\"mainEntityOfPage\":{\"@id\":\"https:\\\/\\\/www.profilmedecin.fr\\\/contenu\\\/reglementation-sante-nouveautes-perspectives-et-impacts\\\/\"},\"wordCount\":2326,\"publisher\":{\"@id\":\"https:\\\/\\\/www.profilmedecin.fr\\\/contenu\\\/#organization\"},\"image\":{\"@id\":\"https:\\\/\\\/www.profilmedecin.fr\\\/contenu\\\/reglementation-sante-nouveautes-perspectives-et-impacts\\\/#primaryimage\"},\"thumbnailUrl\":\"https:\\\/\\\/content.profilmedecin.fr\\\/wp-content\\\/uploads\\\/2026\\\/01\\\/WP-Image-a-la-une-28-scaled.png\",\"articleSection\":[\"Actualit\u00e9s\"],\"inLanguage\":\"fr-FR\"},{\"@type\":\"WebPage\",\"@id\":\"https:\\\/\\\/www.profilmedecin.fr\\\/contenu\\\/reglementation-sante-nouveautes-perspectives-et-impacts\\\/\",\"url\":\"https:\\\/\\\/www.profilmedecin.fr\\\/contenu\\\/reglementation-sante-nouveautes-perspectives-et-impacts\\\/\",\"name\":\"R\u00e9glementation sant\u00e9 : nouveaut\u00e9s, perspectives et impacts\",\"isPartOf\":{\"@id\":\"https:\\\/\\\/www.profilmedecin.fr\\\/contenu\\\/#website\"},\"primaryImageOfPage\":{\"@id\":\"https:\\\/\\\/www.profilmedecin.fr\\\/contenu\\\/reglementation-sante-nouveautes-perspectives-et-impacts\\\/#primaryimage\"},\"image\":{\"@id\":\"https:\\\/\\\/www.profilmedecin.fr\\\/contenu\\\/reglementation-sante-nouveautes-perspectives-et-impacts\\\/#primaryimage\"},\"thumbnailUrl\":\"https:\\\/\\\/content.profilmedecin.fr\\\/wp-content\\\/uploads\\\/2026\\\/01\\\/WP-Image-a-la-une-28-scaled.png\",\"datePublished\":\"2025-12-20T10:38:55+00:00\",\"dateModified\":\"2026-01-14T15:26:14+00:00\",\"description\":\"\\\"Analyse de la r\u00e9glementation sant\u00e9 2025-2026, ses d\u00e9crets, ses impacts pour les m\u00e9decins et les perspectives \u00e0 anticiper dans l\u2019exercice quotidien.\",\"breadcrumb\":{\"@id\":\"https:\\\/\\\/www.profilmedecin.fr\\\/contenu\\\/reglementation-sante-nouveautes-perspectives-et-impacts\\\/#breadcrumb\"},\"inLanguage\":\"fr-FR\",\"potentialAction\":[{\"@type\":\"ReadAction\",\"target\":[\"https:\\\/\\\/www.profilmedecin.fr\\\/contenu\\\/reglementation-sante-nouveautes-perspectives-et-impacts\\\/\"]}]},{\"@type\":\"ImageObject\",\"inLanguage\":\"fr-FR\",\"@id\":\"https:\\\/\\\/www.profilmedecin.fr\\\/contenu\\\/reglementation-sante-nouveautes-perspectives-et-impacts\\\/#primaryimage\",\"url\":\"https:\\\/\\\/content.profilmedecin.fr\\\/wp-content\\\/uploads\\\/2026\\\/01\\\/WP-Image-a-la-une-28-scaled.png\",\"contentUrl\":\"https:\\\/\\\/content.profilmedecin.fr\\\/wp-content\\\/uploads\\\/2026\\\/01\\\/WP-Image-a-la-une-28-scaled.png\",\"width\":2560,\"height\":723,\"caption\":\"Reglementation sant\u00e9 : nouveaut\u00e9s 2026\"},{\"@type\":\"BreadcrumbList\",\"@id\":\"https:\\\/\\\/www.profilmedecin.fr\\\/contenu\\\/reglementation-sante-nouveautes-perspectives-et-impacts\\\/#breadcrumb\",\"itemListElement\":[{\"@type\":\"ListItem\",\"position\":1,\"name\":\"Accueil\",\"item\":\"https:\\\/\\\/www.profilmedecin.fr\\\/contenu\\\/\"},{\"@type\":\"ListItem\",\"position\":2,\"name\":\"R\u00e9glementation sant\u00e9 : nouveaut\u00e9s, perspectives et impacts\"}]},{\"@type\":\"WebSite\",\"@id\":\"https:\\\/\\\/www.profilmedecin.fr\\\/contenu\\\/#website\",\"url\":\"https:\\\/\\\/www.profilmedecin.fr\\\/contenu\\\/\",\"name\":\"Profil M\u00e9decin\",\"description\":\"S\u00e9lection d&#039;opportunit\u00e9s\",\"publisher\":{\"@id\":\"https:\\\/\\\/www.profilmedecin.fr\\\/contenu\\\/#organization\"},\"potentialAction\":[{\"@type\":\"SearchAction\",\"target\":{\"@type\":\"EntryPoint\",\"urlTemplate\":\"https:\\\/\\\/www.profilmedecin.fr\\\/contenu\\\/?s={search_term_string}\"},\"query-input\":{\"@type\":\"PropertyValueSpecification\",\"valueRequired\":true,\"valueName\":\"search_term_string\"}}],\"inLanguage\":\"fr-FR\"},{\"@type\":\"Organization\",\"@id\":\"https:\\\/\\\/www.profilmedecin.fr\\\/contenu\\\/#organization\",\"name\":\"Profil M\u00e9decin\",\"url\":\"https:\\\/\\\/www.profilmedecin.fr\\\/contenu\\\/\",\"logo\":{\"@type\":\"ImageObject\",\"inLanguage\":\"fr-FR\",\"@id\":\"https:\\\/\\\/www.profilmedecin.fr\\\/contenu\\\/#\\\/schema\\\/logo\\\/image\\\/\",\"url\":\"https:\\\/\\\/content.profilmedecin.fr\\\/wp-content\\\/uploads\\\/2019\\\/11\\\/logo-profil-medecin.png\",\"contentUrl\":\"https:\\\/\\\/content.profilmedecin.fr\\\/wp-content\\\/uploads\\\/2019\\\/11\\\/logo-profil-medecin.png\",\"width\":325,\"height\":95,\"caption\":\"Profil M\u00e9decin\"},\"image\":{\"@id\":\"https:\\\/\\\/www.profilmedecin.fr\\\/contenu\\\/#\\\/schema\\\/logo\\\/image\\\/\"}},{\"@type\":\"Person\",\"@id\":\"https:\\\/\\\/www.profilmedecin.fr\\\/contenu\\\/#\\\/schema\\\/person\\\/5881b8d3286f0a0c66bc562a78a8ef03\",\"name\":\"admin_pm\",\"image\":{\"@type\":\"ImageObject\",\"inLanguage\":\"fr-FR\",\"@id\":\"https:\\\/\\\/secure.gravatar.com\\\/avatar\\\/a8ec2dddc642dad64770ca106052024c5a9ad07b2f38988bda25f4df93f39bb8?s=96&d=mm&r=g\",\"url\":\"https:\\\/\\\/secure.gravatar.com\\\/avatar\\\/a8ec2dddc642dad64770ca106052024c5a9ad07b2f38988bda25f4df93f39bb8?s=96&d=mm&r=g\",\"contentUrl\":\"https:\\\/\\\/secure.gravatar.com\\\/avatar\\\/a8ec2dddc642dad64770ca106052024c5a9ad07b2f38988bda25f4df93f39bb8?s=96&d=mm&r=g\",\"caption\":\"admin_pm\"},\"url\":\"https:\\\/\\\/www.profilmedecin.fr\\\/contenu\\\/author\\\/admin\\\/\"}]}<\/script>\n<!-- \/ Yoast SEO plugin. -->","yoast_head_json":{"title":"R\u00e9glementation sant\u00e9 : nouveaut\u00e9s, perspectives et impacts","description":"\"Analyse de la r\u00e9glementation sant\u00e9 2025-2026, ses d\u00e9crets, ses impacts pour les m\u00e9decins et les perspectives \u00e0 anticiper dans l\u2019exercice quotidien.","robots":{"index":"index","follow":"follow","max-snippet":"max-snippet:-1","max-image-preview":"max-image-preview:large","max-video-preview":"max-video-preview:-1"},"canonical":"https:\/\/www.profilmedecin.fr\/contenu\/reglementation-sante-nouveautes-perspectives-et-impacts\/","og_locale":"fr_FR","og_type":"article","og_title":"R\u00e9glementation sant\u00e9 : nouveaut\u00e9s, perspectives et impacts","og_description":"\"Analyse de la r\u00e9glementation sant\u00e9 2025-2026, ses d\u00e9crets, ses impacts pour les m\u00e9decins et les perspectives \u00e0 anticiper dans l\u2019exercice quotidien.","og_url":"https:\/\/www.profilmedecin.fr\/contenu\/reglementation-sante-nouveautes-perspectives-et-impacts\/","og_site_name":"Profil M\u00e9decin","article_published_time":"2025-12-20T10:38:55+00:00","article_modified_time":"2026-01-14T15:26:14+00:00","og_image":[{"width":350,"height":150,"url":"https:\/\/content.profilmedecin.fr\/wp-content\/uploads\/2025\/12\/Homepage-350x150px-7.png","type":"image\/png"}],"author":"admin_pm","twitter_misc":{"\u00c9crit par":"admin_pm","Dur\u00e9e de lecture estim\u00e9e":"11 minutes"},"schema":{"@context":"https:\/\/schema.org","@graph":[{"@type":"Article","@id":"https:\/\/www.profilmedecin.fr\/contenu\/reglementation-sante-nouveautes-perspectives-et-impacts\/#article","isPartOf":{"@id":"https:\/\/www.profilmedecin.fr\/contenu\/reglementation-sante-nouveautes-perspectives-et-impacts\/"},"author":{"name":"admin_pm","@id":"https:\/\/www.profilmedecin.fr\/contenu\/#\/schema\/person\/5881b8d3286f0a0c66bc562a78a8ef03"},"headline":"R\u00e9glementation sant\u00e9 : nouveaut\u00e9s, perspectives et impacts","datePublished":"2025-12-20T10:38:55+00:00","dateModified":"2026-01-14T15:26:14+00:00","mainEntityOfPage":{"@id":"https:\/\/www.profilmedecin.fr\/contenu\/reglementation-sante-nouveautes-perspectives-et-impacts\/"},"wordCount":2326,"publisher":{"@id":"https:\/\/www.profilmedecin.fr\/contenu\/#organization"},"image":{"@id":"https:\/\/www.profilmedecin.fr\/contenu\/reglementation-sante-nouveautes-perspectives-et-impacts\/#primaryimage"},"thumbnailUrl":"https:\/\/content.profilmedecin.fr\/wp-content\/uploads\/2026\/01\/WP-Image-a-la-une-28-scaled.png","articleSection":["Actualit\u00e9s"],"inLanguage":"fr-FR"},{"@type":"WebPage","@id":"https:\/\/www.profilmedecin.fr\/contenu\/reglementation-sante-nouveautes-perspectives-et-impacts\/","url":"https:\/\/www.profilmedecin.fr\/contenu\/reglementation-sante-nouveautes-perspectives-et-impacts\/","name":"R\u00e9glementation sant\u00e9 : nouveaut\u00e9s, perspectives et impacts","isPartOf":{"@id":"https:\/\/www.profilmedecin.fr\/contenu\/#website"},"primaryImageOfPage":{"@id":"https:\/\/www.profilmedecin.fr\/contenu\/reglementation-sante-nouveautes-perspectives-et-impacts\/#primaryimage"},"image":{"@id":"https:\/\/www.profilmedecin.fr\/contenu\/reglementation-sante-nouveautes-perspectives-et-impacts\/#primaryimage"},"thumbnailUrl":"https:\/\/content.profilmedecin.fr\/wp-content\/uploads\/2026\/01\/WP-Image-a-la-une-28-scaled.png","datePublished":"2025-12-20T10:38:55+00:00","dateModified":"2026-01-14T15:26:14+00:00","description":"\"Analyse de la r\u00e9glementation sant\u00e9 2025-2026, ses d\u00e9crets, ses impacts pour les m\u00e9decins et les perspectives \u00e0 anticiper dans l\u2019exercice quotidien.","breadcrumb":{"@id":"https:\/\/www.profilmedecin.fr\/contenu\/reglementation-sante-nouveautes-perspectives-et-impacts\/#breadcrumb"},"inLanguage":"fr-FR","potentialAction":[{"@type":"ReadAction","target":["https:\/\/www.profilmedecin.fr\/contenu\/reglementation-sante-nouveautes-perspectives-et-impacts\/"]}]},{"@type":"ImageObject","inLanguage":"fr-FR","@id":"https:\/\/www.profilmedecin.fr\/contenu\/reglementation-sante-nouveautes-perspectives-et-impacts\/#primaryimage","url":"https:\/\/content.profilmedecin.fr\/wp-content\/uploads\/2026\/01\/WP-Image-a-la-une-28-scaled.png","contentUrl":"https:\/\/content.profilmedecin.fr\/wp-content\/uploads\/2026\/01\/WP-Image-a-la-une-28-scaled.png","width":2560,"height":723,"caption":"Reglementation sant\u00e9 : nouveaut\u00e9s 2026"},{"@type":"BreadcrumbList","@id":"https:\/\/www.profilmedecin.fr\/contenu\/reglementation-sante-nouveautes-perspectives-et-impacts\/#breadcrumb","itemListElement":[{"@type":"ListItem","position":1,"name":"Accueil","item":"https:\/\/www.profilmedecin.fr\/contenu\/"},{"@type":"ListItem","position":2,"name":"R\u00e9glementation sant\u00e9 : nouveaut\u00e9s, perspectives et impacts"}]},{"@type":"WebSite","@id":"https:\/\/www.profilmedecin.fr\/contenu\/#website","url":"https:\/\/www.profilmedecin.fr\/contenu\/","name":"Profil M\u00e9decin","description":"S\u00e9lection d&#039;opportunit\u00e9s","publisher":{"@id":"https:\/\/www.profilmedecin.fr\/contenu\/#organization"},"potentialAction":[{"@type":"SearchAction","target":{"@type":"EntryPoint","urlTemplate":"https:\/\/www.profilmedecin.fr\/contenu\/?s={search_term_string}"},"query-input":{"@type":"PropertyValueSpecification","valueRequired":true,"valueName":"search_term_string"}}],"inLanguage":"fr-FR"},{"@type":"Organization","@id":"https:\/\/www.profilmedecin.fr\/contenu\/#organization","name":"Profil M\u00e9decin","url":"https:\/\/www.profilmedecin.fr\/contenu\/","logo":{"@type":"ImageObject","inLanguage":"fr-FR","@id":"https:\/\/www.profilmedecin.fr\/contenu\/#\/schema\/logo\/image\/","url":"https:\/\/content.profilmedecin.fr\/wp-content\/uploads\/2019\/11\/logo-profil-medecin.png","contentUrl":"https:\/\/content.profilmedecin.fr\/wp-content\/uploads\/2019\/11\/logo-profil-medecin.png","width":325,"height":95,"caption":"Profil M\u00e9decin"},"image":{"@id":"https:\/\/www.profilmedecin.fr\/contenu\/#\/schema\/logo\/image\/"}},{"@type":"Person","@id":"https:\/\/www.profilmedecin.fr\/contenu\/#\/schema\/person\/5881b8d3286f0a0c66bc562a78a8ef03","name":"admin_pm","image":{"@type":"ImageObject","inLanguage":"fr-FR","@id":"https:\/\/secure.gravatar.com\/avatar\/a8ec2dddc642dad64770ca106052024c5a9ad07b2f38988bda25f4df93f39bb8?s=96&d=mm&r=g","url":"https:\/\/secure.gravatar.com\/avatar\/a8ec2dddc642dad64770ca106052024c5a9ad07b2f38988bda25f4df93f39bb8?s=96&d=mm&r=g","contentUrl":"https:\/\/secure.gravatar.com\/avatar\/a8ec2dddc642dad64770ca106052024c5a9ad07b2f38988bda25f4df93f39bb8?s=96&d=mm&r=g","caption":"admin_pm"},"url":"https:\/\/www.profilmedecin.fr\/contenu\/author\/admin\/"}]}},"_links":{"self":[{"href":"https:\/\/www.profilmedecin.fr\/contenu\/wp-json\/wp\/v2\/posts\/7023","targetHints":{"allow":["GET"]}}],"collection":[{"href":"https:\/\/www.profilmedecin.fr\/contenu\/wp-json\/wp\/v2\/posts"}],"about":[{"href":"https:\/\/www.profilmedecin.fr\/contenu\/wp-json\/wp\/v2\/types\/post"}],"author":[{"embeddable":true,"href":"https:\/\/www.profilmedecin.fr\/contenu\/wp-json\/wp\/v2\/users\/1"}],"replies":[{"embeddable":true,"href":"https:\/\/www.profilmedecin.fr\/contenu\/wp-json\/wp\/v2\/comments?post=7023"}],"version-history":[{"count":2,"href":"https:\/\/www.profilmedecin.fr\/contenu\/wp-json\/wp\/v2\/posts\/7023\/revisions"}],"predecessor-version":[{"id":7037,"href":"https:\/\/www.profilmedecin.fr\/contenu\/wp-json\/wp\/v2\/posts\/7023\/revisions\/7037"}],"wp:featuredmedia":[{"embeddable":true,"href":"https:\/\/www.profilmedecin.fr\/contenu\/wp-json\/wp\/v2\/media\/7025"}],"wp:attachment":[{"href":"https:\/\/www.profilmedecin.fr\/contenu\/wp-json\/wp\/v2\/media?parent=7023"}],"wp:term":[{"taxonomy":"category","embeddable":true,"href":"https:\/\/www.profilmedecin.fr\/contenu\/wp-json\/wp\/v2\/categories?post=7023"},{"taxonomy":"post_tag","embeddable":true,"href":"https:\/\/www.profilmedecin.fr\/contenu\/wp-json\/wp\/v2\/tags?post=7023"}],"curies":[{"name":"wp","href":"https:\/\/api.w.org\/{rel}","templated":true}]}}